{"id":716,"date":"2019-06-17T21:24:53","date_gmt":"2019-06-17T19:24:53","guid":{"rendered":"http:\/\/www.bellesimagesphotographies.com\/?p=716"},"modified":"2019-06-18T12:12:16","modified_gmt":"2019-06-18T10:12:16","slug":"couleur-ou-noir-et-blanc","status":"publish","type":"post","link":"https:\/\/www.bellesimagesphotographies.com\/index.php\/2019\/06\/17\/couleur-ou-noir-et-blanc\/","title":{"rendered":"Couleur ou noir et blanc ?"},"content":{"rendered":"<p>Photographies prises dans ma rue, comme \u00e7a&#8230; Couleur ou noir et blanc?<\/p>\n<figure id=\"attachment_731\" aria-describedby=\"caption-attachment-731\" style=\"width: 1024px\" class=\"wp-caption aligncenter\"><img loading=\"lazy\" decoding=\"async\" class=\"size-full wp-image-731\" src=\"http:\/\/www.bellesimagesphotographies.com\/wp-content\/uploads\/2019\/06\/2019-0604-fenetres-000-mix.jpg\" alt=\"\" width=\"1024\" height=\"576\" srcset=\"https:\/\/www.bellesimagesphotographies.com\/wp-content\/uploads\/2019\/06\/2019-0604-fenetres-000-mix.jpg 1024w, https:\/\/www.bellesimagesphotographies.com\/wp-content\/uploads\/2019\/06\/2019-0604-fenetres-000-mix-300x169.jpg 300w, https:\/\/www.bellesimagesphotographies.com\/wp-content\/uploads\/2019\/06\/2019-0604-fenetres-000-mix-768x432.jpg 768w, https:\/\/www.bellesimagesphotographies.com\/wp-content\/uploads\/2019\/06\/2019-0604-fenetres-000-mix-110x62.jpg 110w, https:\/\/www.bellesimagesphotographies.com\/wp-content\/uploads\/2019\/06\/2019-0604-fenetres-000-mix-420x236.jpg 420w, https:\/\/www.bellesimagesphotographies.com\/wp-content\/uploads\/2019\/06\/2019-0604-fenetres-000-mix-764x430.jpg 764w\" sizes=\"auto, (max-width: 1024px) 100vw, 1024px\" \/><figcaption id=\"caption-attachment-731\" class=\"wp-caption-text\">Avenue Auguste-Perret, Sarcelles. (Photos: Luc Bentz)<\/figcaption><\/figure>\n<p>\u00c0 vous de vous faire votre id\u00e9e, clich\u00e9 par clich\u00e9 !<\/p>\n<p><img loading=\"lazy\" decoding=\"async\" class=\"aligncenter size-full wp-image-717\" src=\"http:\/\/www.bellesimagesphotographies.com\/wp-content\/uploads\/2019\/06\/R1k-2019-06-cbi_demo-001.jpg\" alt=\"\" width=\"1602\" height=\"902\" srcset=\"https:\/\/www.bellesimagesphotographies.com\/wp-content\/uploads\/2019\/06\/R1k-2019-06-cbi_demo-001.jpg 1602w, https:\/\/www.bellesimagesphotographies.com\/wp-content\/uploads\/2019\/06\/R1k-2019-06-cbi_demo-001-300x169.jpg 300w, https:\/\/www.bellesimagesphotographies.com\/wp-content\/uploads\/2019\/06\/R1k-2019-06-cbi_demo-001-768x432.jpg 768w, https:\/\/www.bellesimagesphotographies.com\/wp-content\/uploads\/2019\/06\/R1k-2019-06-cbi_demo-001-1024x577.jpg 1024w, https:\/\/www.bellesimagesphotographies.com\/wp-content\/uploads\/2019\/06\/R1k-2019-06-cbi_demo-001-110x62.jpg 110w, https:\/\/www.bellesimagesphotographies.com\/wp-content\/uploads\/2019\/06\/R1k-2019-06-cbi_demo-001-420x236.jpg 420w, https:\/\/www.bellesimagesphotographies.com\/wp-content\/uploads\/2019\/06\/R1k-2019-06-cbi_demo-001-764x430.jpg 764w\" sizes=\"auto, (max-width: 1602px) 100vw, 1602px\" \/><\/p>\n<p><img loading=\"lazy\" decoding=\"async\" class=\"aligncenter size-full wp-image-718\" src=\"http:\/\/www.bellesimagesphotographies.com\/wp-content\/uploads\/2019\/06\/R1k-2019-06-cbi_demo-002.jpg\" alt=\"\" width=\"1602\" height=\"902\" srcset=\"https:\/\/www.bellesimagesphotographies.com\/wp-content\/uploads\/2019\/06\/R1k-2019-06-cbi_demo-002.jpg 1602w, https:\/\/www.bellesimagesphotographies.com\/wp-content\/uploads\/2019\/06\/R1k-2019-06-cbi_demo-002-300x169.jpg 300w, https:\/\/www.bellesimagesphotographies.com\/wp-content\/uploads\/2019\/06\/R1k-2019-06-cbi_demo-002-768x432.jpg 768w, https:\/\/www.bellesimagesphotographies.com\/wp-content\/uploads\/2019\/06\/R1k-2019-06-cbi_demo-002-1024x577.jpg 1024w, https:\/\/www.bellesimagesphotographies.com\/wp-content\/uploads\/2019\/06\/R1k-2019-06-cbi_demo-002-110x62.jpg 110w, https:\/\/www.bellesimagesphotographies.com\/wp-content\/uploads\/2019\/06\/R1k-2019-06-cbi_demo-002-420x236.jpg 420w, https:\/\/www.bellesimagesphotographies.com\/wp-content\/uploads\/2019\/06\/R1k-2019-06-cbi_demo-002-764x430.jpg 764w\" sizes=\"auto, (max-width: 1602px) 100vw, 1602px\" \/><\/p>\n<p>Apr\u00e8s l&rsquo;avenue Perret (\u00e0 Sarcelles-Plage), voyons l&rsquo;immeuble d&rsquo;en face de plus pr\u00e8s&#8230;<\/p>\n<p><img loading=\"lazy\" decoding=\"async\" class=\"aligncenter size-full wp-image-719\" src=\"http:\/\/www.bellesimagesphotographies.com\/wp-content\/uploads\/2019\/06\/R1k-2019-06-cbi_demo-003.jpg\" alt=\"\" width=\"1602\" height=\"900\" srcset=\"https:\/\/www.bellesimagesphotographies.com\/wp-content\/uploads\/2019\/06\/R1k-2019-06-cbi_demo-003.jpg 1602w, https:\/\/www.bellesimagesphotographies.com\/wp-content\/uploads\/2019\/06\/R1k-2019-06-cbi_demo-003-300x169.jpg 300w, https:\/\/www.bellesimagesphotographies.com\/wp-content\/uploads\/2019\/06\/R1k-2019-06-cbi_demo-003-768x431.jpg 768w, https:\/\/www.bellesimagesphotographies.com\/wp-content\/uploads\/2019\/06\/R1k-2019-06-cbi_demo-003-1024x575.jpg 1024w, https:\/\/www.bellesimagesphotographies.com\/wp-content\/uploads\/2019\/06\/R1k-2019-06-cbi_demo-003-110x62.jpg 110w, https:\/\/www.bellesimagesphotographies.com\/wp-content\/uploads\/2019\/06\/R1k-2019-06-cbi_demo-003-420x236.jpg 420w, https:\/\/www.bellesimagesphotographies.com\/wp-content\/uploads\/2019\/06\/R1k-2019-06-cbi_demo-003-248x138.jpg 248w, https:\/\/www.bellesimagesphotographies.com\/wp-content\/uploads\/2019\/06\/R1k-2019-06-cbi_demo-003-765x430.jpg 765w\" sizes=\"auto, (max-width: 1602px) 100vw, 1602px\" \/><\/p>\n<p><img loading=\"lazy\" decoding=\"async\" class=\"aligncenter size-full wp-image-720\" src=\"http:\/\/www.bellesimagesphotographies.com\/wp-content\/uploads\/2019\/06\/R1k-2019-06-cbi_demo-004.jpg\" alt=\"\" width=\"1602\" height=\"900\" srcset=\"https:\/\/www.bellesimagesphotographies.com\/wp-content\/uploads\/2019\/06\/R1k-2019-06-cbi_demo-004.jpg 1602w, https:\/\/www.bellesimagesphotographies.com\/wp-content\/uploads\/2019\/06\/R1k-2019-06-cbi_demo-004-300x169.jpg 300w, https:\/\/www.bellesimagesphotographies.com\/wp-content\/uploads\/2019\/06\/R1k-2019-06-cbi_demo-004-768x431.jpg 768w, https:\/\/www.bellesimagesphotographies.com\/wp-content\/uploads\/2019\/06\/R1k-2019-06-cbi_demo-004-1024x575.jpg 1024w, https:\/\/www.bellesimagesphotographies.com\/wp-content\/uploads\/2019\/06\/R1k-2019-06-cbi_demo-004-110x62.jpg 110w, https:\/\/www.bellesimagesphotographies.com\/wp-content\/uploads\/2019\/06\/R1k-2019-06-cbi_demo-004-420x236.jpg 420w, https:\/\/www.bellesimagesphotographies.com\/wp-content\/uploads\/2019\/06\/R1k-2019-06-cbi_demo-004-248x138.jpg 248w, https:\/\/www.bellesimagesphotographies.com\/wp-content\/uploads\/2019\/06\/R1k-2019-06-cbi_demo-004-765x430.jpg 765w\" sizes=\"auto, (max-width: 1602px) 100vw, 1602px\" \/><\/p>\n<p>Et int\u00e9ressons-nous \u00e0 un v\u00e9hicule qui n&rsquo;est pas, d&rsquo;ordinaire, gar\u00e9 par ici (mais des travaux sont en cours)&#8230;<\/p>\n<p><img loading=\"lazy\" decoding=\"async\" class=\"aligncenter size-full wp-image-721\" src=\"http:\/\/www.bellesimagesphotographies.com\/wp-content\/uploads\/2019\/06\/R1k-2019-06-cbi_demo-007.jpg\" alt=\"\" width=\"1602\" height=\"724\" srcset=\"https:\/\/www.bellesimagesphotographies.com\/wp-content\/uploads\/2019\/06\/R1k-2019-06-cbi_demo-007.jpg 1602w, https:\/\/www.bellesimagesphotographies.com\/wp-content\/uploads\/2019\/06\/R1k-2019-06-cbi_demo-007-300x136.jpg 300w, https:\/\/www.bellesimagesphotographies.com\/wp-content\/uploads\/2019\/06\/R1k-2019-06-cbi_demo-007-768x347.jpg 768w, https:\/\/www.bellesimagesphotographies.com\/wp-content\/uploads\/2019\/06\/R1k-2019-06-cbi_demo-007-1024x463.jpg 1024w, https:\/\/www.bellesimagesphotographies.com\/wp-content\/uploads\/2019\/06\/R1k-2019-06-cbi_demo-007-110x50.jpg 110w, https:\/\/www.bellesimagesphotographies.com\/wp-content\/uploads\/2019\/06\/R1k-2019-06-cbi_demo-007-420x190.jpg 420w, https:\/\/www.bellesimagesphotographies.com\/wp-content\/uploads\/2019\/06\/R1k-2019-06-cbi_demo-007-770x348.jpg 770w\" sizes=\"auto, (max-width: 1602px) 100vw, 1602px\" \/><\/p>\n<p><img loading=\"lazy\" decoding=\"async\" class=\"aligncenter size-full wp-image-722\" src=\"http:\/\/www.bellesimagesphotographies.com\/wp-content\/uploads\/2019\/06\/R1k-2019-06-cbi_demo-008.jpg\" alt=\"\" width=\"1602\" height=\"724\" srcset=\"https:\/\/www.bellesimagesphotographies.com\/wp-content\/uploads\/2019\/06\/R1k-2019-06-cbi_demo-008.jpg 1602w, https:\/\/www.bellesimagesphotographies.com\/wp-content\/uploads\/2019\/06\/R1k-2019-06-cbi_demo-008-300x136.jpg 300w, https:\/\/www.bellesimagesphotographies.com\/wp-content\/uploads\/2019\/06\/R1k-2019-06-cbi_demo-008-768x347.jpg 768w, https:\/\/www.bellesimagesphotographies.com\/wp-content\/uploads\/2019\/06\/R1k-2019-06-cbi_demo-008-1024x463.jpg 1024w, https:\/\/www.bellesimagesphotographies.com\/wp-content\/uploads\/2019\/06\/R1k-2019-06-cbi_demo-008-110x50.jpg 110w, https:\/\/www.bellesimagesphotographies.com\/wp-content\/uploads\/2019\/06\/R1k-2019-06-cbi_demo-008-420x190.jpg 420w, https:\/\/www.bellesimagesphotographies.com\/wp-content\/uploads\/2019\/06\/R1k-2019-06-cbi_demo-008-770x348.jpg 770w\" sizes=\"auto, (max-width: 1602px) 100vw, 1602px\" \/><\/p>\n<p>Abandonnons la rue. Le vent qui aspire en partie le rideau vers l&rsquo;ext\u00e9rieur offre une vision int\u00e9ressante (au moins pour moi &#8230;).<\/p>\n<p><img loading=\"lazy\" decoding=\"async\" class=\"aligncenter size-full wp-image-723\" src=\"http:\/\/www.bellesimagesphotographies.com\/wp-content\/uploads\/2019\/06\/R1k-2019-06-cbi_demo-005.jpg\" alt=\"\" width=\"1602\" height=\"1602\" srcset=\"https:\/\/www.bellesimagesphotographies.com\/wp-content\/uploads\/2019\/06\/R1k-2019-06-cbi_demo-005.jpg 1602w, https:\/\/www.bellesimagesphotographies.com\/wp-content\/uploads\/2019\/06\/R1k-2019-06-cbi_demo-005-250x250.jpg 250w, https:\/\/www.bellesimagesphotographies.com\/wp-content\/uploads\/2019\/06\/R1k-2019-06-cbi_demo-005-300x300.jpg 300w, https:\/\/www.bellesimagesphotographies.com\/wp-content\/uploads\/2019\/06\/R1k-2019-06-cbi_demo-005-768x768.jpg 768w, https:\/\/www.bellesimagesphotographies.com\/wp-content\/uploads\/2019\/06\/R1k-2019-06-cbi_demo-005-1024x1024.jpg 1024w, https:\/\/www.bellesimagesphotographies.com\/wp-content\/uploads\/2019\/06\/R1k-2019-06-cbi_demo-005-125x125.jpg 125w, https:\/\/www.bellesimagesphotographies.com\/wp-content\/uploads\/2019\/06\/R1k-2019-06-cbi_demo-005-110x110.jpg 110w, https:\/\/www.bellesimagesphotographies.com\/wp-content\/uploads\/2019\/06\/R1k-2019-06-cbi_demo-005-420x420.jpg 420w, https:\/\/www.bellesimagesphotographies.com\/wp-content\/uploads\/2019\/06\/R1k-2019-06-cbi_demo-005-430x430.jpg 430w\" sizes=\"auto, (max-width: 1602px) 100vw, 1602px\" \/><\/p>\n<p><img loading=\"lazy\" decoding=\"async\" class=\"aligncenter size-full wp-image-724\" src=\"http:\/\/www.bellesimagesphotographies.com\/wp-content\/uploads\/2019\/06\/R1k-2019-06-cbi_demo-006.jpg\" alt=\"\" width=\"1602\" height=\"1602\" srcset=\"https:\/\/www.bellesimagesphotographies.com\/wp-content\/uploads\/2019\/06\/R1k-2019-06-cbi_demo-006.jpg 1602w, https:\/\/www.bellesimagesphotographies.com\/wp-content\/uploads\/2019\/06\/R1k-2019-06-cbi_demo-006-250x250.jpg 250w, https:\/\/www.bellesimagesphotographies.com\/wp-content\/uploads\/2019\/06\/R1k-2019-06-cbi_demo-006-300x300.jpg 300w, https:\/\/www.bellesimagesphotographies.com\/wp-content\/uploads\/2019\/06\/R1k-2019-06-cbi_demo-006-768x768.jpg 768w, https:\/\/www.bellesimagesphotographies.com\/wp-content\/uploads\/2019\/06\/R1k-2019-06-cbi_demo-006-1024x1024.jpg 1024w, https:\/\/www.bellesimagesphotographies.com\/wp-content\/uploads\/2019\/06\/R1k-2019-06-cbi_demo-006-125x125.jpg 125w, https:\/\/www.bellesimagesphotographies.com\/wp-content\/uploads\/2019\/06\/R1k-2019-06-cbi_demo-006-110x110.jpg 110w, https:\/\/www.bellesimagesphotographies.com\/wp-content\/uploads\/2019\/06\/R1k-2019-06-cbi_demo-006-420x420.jpg 420w, https:\/\/www.bellesimagesphotographies.com\/wp-content\/uploads\/2019\/06\/R1k-2019-06-cbi_demo-006-430x430.jpg 430w\" sizes=\"auto, (max-width: 1602px) 100vw, 1602px\" \/><\/p>\n<p>Alors : noir et blanc ou couleur ?<\/p>\n","protected":false},"excerpt":{"rendered":"<p>Photographies prises dans ma rue, comme \u00e7a&#8230; Couleur ou noir et blanc? \u00c0 vous de vous faire votre id\u00e9e, clich\u00e9 par clich\u00e9 ! Apr\u00e8s l&rsquo;avenue Perret (\u00e0 Sarcelles-Plage), voyons l&rsquo;immeuble d&rsquo;en face de plus pr\u00e8s&#8230; Et int\u00e9ressons-nous \u00e0 un v\u00e9hicule qui n&rsquo;est pas, d&rsquo;ordinaire, gar\u00e9 par ici (mais des travaux sont en cours)&#8230; Abandonnons la [&hellip;]<\/p>\n","protected":false},"author":3,"featured_media":731,"comment_status":"open","ping_status":"open","sticky":false,"template":"","format":"standard","meta":{"footnotes":""},"categories":[3,4],"tags":[],"class_list":["post-716","post","type-post","status-publish","format-standard","has-post-thumbnail","hentry","category-belles-images-photographies","category-club-des-belles-images"],"_links":{"self":[{"href":"https:\/\/www.bellesimagesphotographies.com\/index.php\/wp-json\/wp\/v2\/posts\/716","targetHints":{"allow":["GET"]}}],"collection":[{"href":"https:\/\/www.bellesimagesphotographies.com\/index.php\/wp-json\/wp\/v2\/posts"}],"about":[{"href":"https:\/\/www.bellesimagesphotographies.com\/index.php\/wp-json\/wp\/v2\/types\/post"}],"author":[{"embeddable":true,"href":"https:\/\/www.bellesimagesphotographies.com\/index.php\/wp-json\/wp\/v2\/users\/3"}],"replies":[{"embeddable":true,"href":"https:\/\/www.bellesimagesphotographies.com\/index.php\/wp-json\/wp\/v2\/comments?post=716"}],"version-history":[{"count":3,"href":"https:\/\/www.bellesimagesphotographies.com\/index.php\/wp-json\/wp\/v2\/posts\/716\/revisions"}],"predecessor-version":[{"id":732,"href":"https:\/\/www.bellesimagesphotographies.com\/index.php\/wp-json\/wp\/v2\/posts\/716\/revisions\/732"}],"wp:featuredmedia":[{"embeddable":true,"href":"https:\/\/www.bellesimagesphotographies.com\/index.php\/wp-json\/wp\/v2\/media\/731"}],"wp:attachment":[{"href":"https:\/\/www.bellesimagesphotographies.com\/index.php\/wp-json\/wp\/v2\/media?parent=716"}],"wp:term":[{"taxonomy":"category","embeddable":true,"href":"https:\/\/www.bellesimagesphotographies.com\/index.php\/wp-json\/wp\/v2\/categories?post=716"},{"taxonomy":"post_tag","embeddable":true,"href":"https:\/\/www.bellesimagesphotographies.com\/index.php\/wp-json\/wp\/v2\/tags?post=716"}],"curies":[{"name":"wp","href":"https:\/\/api.w.org\/{rel}","templated":true}]}}